{"id":13214,"date":"2025-03-03T21:45:34","date_gmt":"2025-03-03T20:45:34","guid":{"rendered":"https:\/\/ellipse.cz\/?p=13214"},"modified":"2025-04-23T13:05:48","modified_gmt":"2025-04-23T11:05:48","slug":"blossombs-maly-ale-silny-symbol-prirody-ktery-neni-jen-darkem","status":"publish","type":"post","link":"https:\/\/ellipse.cz\/en\/blossombs-maly-ale-silny-symbol-prirody-ktery-neni-jen-darkem\/","title":{"rendered":"Blossombs \u2013 mal\u00fd d\u00e1rek s velk\u00fdm dopadem"},"content":{"rendered":"\n<p>Co kdybychom v\u00e1m \u0159ekli, \u017ee m\u016f\u017eete darovat n\u011bco, co nejen \u017ee vykouzl\u00ed \u00fasm\u011bv na tv\u00e1\u0159i, ale z\u00e1rove\u0148 zanech\u00e1 i skute\u010dnou stopu v p\u0159\u00edrod\u011b? Blossombs jsou mal\u00e1 sem\u00ednka v kr\u00e1sn\u00e9m balen\u00ed, kter\u00e9 skr\u00fdvaj\u00ed s\u00edlu p\u0159\u00edrody i va\u0161\u00ed firemn\u00ed filozofie. Tento merch nen\u00ed jen o p\u011bkn\u00e9m vzhledu \u2013 je o hodnot\u00e1ch, kter\u00e9 p\u0159ed\u00e1v\u00e1te. Kdy\u017e darujete Blossombs, komunikujete sv\u011btu zodpov\u011bdnost, p\u00e9\u010di o \u017eivotn\u00ed prost\u0159ed\u00ed a z\u00e1vazek k udr\u017eitelnosti.<\/p>\n\n\n\n<figure class=\"wp-block-gallery has-nested-images columns-default is-cropped wp-block-gallery-1 is-layout-flex wp-block-gallery-is-layout-flex\">\n<figure class=\"wp-block-image size-large\"><img loading=\"lazy\" decoding=\"async\" width=\"1829\" height=\"2560\" data-id=\"13221\" src=\"https:\/\/ellipse.cz\/wp-content\/uploads\/2025\/03\/Blossombs-5736BL-scaled.jpg\" alt=\"\" class=\"wp-image-13221\" srcset=\"https:\/\/ellipse.cz\/wp-content\/uploads\/2025\/03\/Blossombs-5736BL-scaled.jpg 1829w, https:\/\/ellipse.cz\/wp-content\/uploads\/2025\/03\/Blossombs-5736BL-214x300.jpg 214w, https:\/\/ellipse.cz\/wp-content\/uploads\/2025\/03\/Blossombs-5736BL-731x1024.jpg 731w, https:\/\/ellipse.cz\/wp-content\/uploads\/2025\/03\/Blossombs-5736BL-768x1075.jpg 768w, https:\/\/ellipse.cz\/wp-content\/uploads\/2025\/03\/Blossombs-5736BL-1097x1536.jpg 1097w, https:\/\/ellipse.cz\/wp-content\/uploads\/2025\/03\/Blossombs-5736BL-1463x2048.jpg 1463w, https:\/\/ellipse.cz\/wp-content\/uploads\/2025\/03\/Blossombs-5736BL-86x120.jpg 86w\" sizes=\"auto, (max-width: 1829px) 100vw, 1829px\" \/><\/figure>\n\n\n\n<figure class=\"wp-block-image size-large\"><img loading=\"lazy\" decoding=\"async\" width=\"1707\" height=\"2560\" data-id=\"13219\" src=\"https:\/\/ellipse.cz\/wp-content\/uploads\/2025\/03\/Blossombs-5971BL-scaled.jpg\" alt=\"\" class=\"wp-image-13219\" srcset=\"https:\/\/ellipse.cz\/wp-content\/uploads\/2025\/03\/Blossombs-5971BL-scaled.jpg 1707w, https:\/\/ellipse.cz\/wp-content\/uploads\/2025\/03\/Blossombs-5971BL-200x300.jpg 200w, https:\/\/ellipse.cz\/wp-content\/uploads\/2025\/03\/Blossombs-5971BL-683x1024.jpg 683w, https:\/\/ellipse.cz\/wp-content\/uploads\/2025\/03\/Blossombs-5971BL-768x1152.jpg 768w, https:\/\/ellipse.cz\/wp-content\/uploads\/2025\/03\/Blossombs-5971BL-1024x1536.jpg 1024w, https:\/\/ellipse.cz\/wp-content\/uploads\/2025\/03\/Blossombs-5971BL-1365x2048.jpg 1365w, https:\/\/ellipse.cz\/wp-content\/uploads\/2025\/03\/Blossombs-5971BL-80x120.jpg 80w\" sizes=\"auto, (max-width: 1707px) 100vw, 1707px\" \/><\/figure>\n\n\n\n<figure class=\"wp-block-image size-large\"><img loading=\"lazy\" decoding=\"async\" width=\"768\" height=\"1024\" data-id=\"13217\" src=\"https:\/\/ellipse.cz\/wp-content\/uploads\/2025\/03\/8db18e39-162c-46ae-93b8-f4b2920be66b.jpg\" alt=\"\" class=\"wp-image-13217\" srcset=\"https:\/\/ellipse.cz\/wp-content\/uploads\/2025\/03\/8db18e39-162c-46ae-93b8-f4b2920be66b.jpg 768w, https:\/\/ellipse.cz\/wp-content\/uploads\/2025\/03\/8db18e39-162c-46ae-93b8-f4b2920be66b-225x300.jpg 225w, https:\/\/ellipse.cz\/wp-content\/uploads\/2025\/03\/8db18e39-162c-46ae-93b8-f4b2920be66b-90x120.jpg 90w\" sizes=\"auto, (max-width: 768px) 100vw, 768px\" \/><\/figure>\n<\/figure>\n\n\n\n<h2 class=\"wp-block-heading\">Blossombs \u2013 kv\u011btiny pro lep\u0161\u00ed sv\u011bt<\/h2>\n\n\n\n<p>Blossombs jsou mal\u00e9 kv\u011btinov\u00e9 \u201ekuli\u010dky\u201c, kter\u00e9 obsahuj\u00ed sem\u00ednka vybran\u00fdch kv\u011btin p\u0159\u00e1telsk\u00fdch k hmyzu (jetel, m\u011bs\u00ed\u010dek kuku\u0159i\u010dn\u00fd, koriandr, m\u00e1k a dal\u0161\u00ed). Poch\u00e1z\u00ed z Nizozemska a jejich my\u0161lenkou je p\u0159isp\u011bt k obnov\u011b p\u0159\u00edrody, vytvo\u0159it lep\u0161\u00ed podm\u00ednky pro opylova\u010de a p\u0159isp\u011bt tak k rovnov\u00e1ze v p\u0159\u00edrod\u011b. Deset r\u016fzn\u00fdch barevn\u00fdch variant semen m\u016f\u017eete darovat jako sou\u010d\u00e1st n\u00e1padit\u011b vytvo\u0159en\u00fdch p\u0159\u00e1n\u00ed, pohlednic, box\u016f a dal\u0161\u00edch origin\u00e1ln\u00edch p\u0159edm\u011bt\u016f. Sem\u00ednko pak sta\u010d\u00ed jen jednodu\u0161e zatla\u010dit do zem\u011b a zhruba b\u011bhem osmi t\u00fddn\u016f vyrostou kv\u011btiny, kter\u00e9 pot\u011b\u0161\u00ed oko, du\u0161i i p\u0159\u00edrodu samotnou.<\/p>\n\n\n\n<figure class=\"wp-block-gallery has-nested-images columns-default is-cropped wp-block-gallery-2 is-layout-flex wp-block-gallery-is-layout-flex\">\n<figure class=\"wp-block-image size-large\"><img loading=\"lazy\" decoding=\"async\" width=\"1024\" height=\"683\" data-id=\"13223\" src=\"https:\/\/ellipse.cz\/wp-content\/uploads\/2025\/03\/IMG_4700_Blossombs_WEB-1024x683.jpg\" alt=\"\" class=\"wp-image-13223\" srcset=\"https:\/\/ellipse.cz\/wp-content\/uploads\/2025\/03\/IMG_4700_Blossombs_WEB-1024x683.jpg 1024w, https:\/\/ellipse.cz\/wp-content\/uploads\/2025\/03\/IMG_4700_Blossombs_WEB-300x200.jpg 300w, https:\/\/ellipse.cz\/wp-content\/uploads\/2025\/03\/IMG_4700_Blossombs_WEB-768x512.jpg 768w, https:\/\/ellipse.cz\/wp-content\/uploads\/2025\/03\/IMG_4700_Blossombs_WEB-120x80.jpg 120w, https:\/\/ellipse.cz\/wp-content\/uploads\/2025\/03\/IMG_4700_Blossombs_WEB.jpg 1290w\" sizes=\"auto, (max-width: 1024px) 100vw, 1024px\" \/><\/figure>\n\n\n\n<figure class=\"wp-block-image size-large\"><img loading=\"lazy\" decoding=\"async\" width=\"1024\" height=\"683\" data-id=\"13225\" src=\"https:\/\/ellipse.cz\/wp-content\/uploads\/2025\/03\/IMG_0010_Blossombs-1024x683.jpg\" alt=\"\" class=\"wp-image-13225\" srcset=\"https:\/\/ellipse.cz\/wp-content\/uploads\/2025\/03\/IMG_0010_Blossombs-1024x683.jpg 1024w, https:\/\/ellipse.cz\/wp-content\/uploads\/2025\/03\/IMG_0010_Blossombs-300x200.jpg 300w, https:\/\/ellipse.cz\/wp-content\/uploads\/2025\/03\/IMG_0010_Blossombs-768x512.jpg 768w, https:\/\/ellipse.cz\/wp-content\/uploads\/2025\/03\/IMG_0010_Blossombs-1536x1024.jpg 1536w, https:\/\/ellipse.cz\/wp-content\/uploads\/2025\/03\/IMG_0010_Blossombs-2048x1365.jpg 2048w, https:\/\/ellipse.cz\/wp-content\/uploads\/2025\/03\/IMG_0010_Blossombs-120x80.jpg 120w\" sizes=\"auto, (max-width: 1024px) 100vw, 1024px\" \/><\/figure>\n<\/figure>\n\n\n\n<h2 class=\"wp-block-heading\">Ide\u00e1ln\u00ed merch pro ka\u017edou firmu<\/h2>\n\n\n\n<p>Blossombs jsou drobn\u00fdm, ale v\u00fdrazn\u00fdm gestem, kter\u00fdm uk\u00e1\u017eete, \u017ee va\u0161\u00ed firm\u011b z\u00e1le\u017e\u00ed nejen na p\u0159\u00edrod\u011b, ale i t\u011bch, kter\u00e9 obdarujete. A\u0165 u\u017e jsou to va\u0161i zam\u011bstnanci, obchodn\u00ed partne\u0159i nebo klienti, Blossombs v\u00e1m pomohou vytvo\u0159it n\u011bco opravdu v\u00fdjime\u010dn\u00e9ho.<\/p>\n\n\n\n<h2 class=\"wp-block-heading\">Darujte d\u00e1rek, kter\u00fd m\u00e1 materi\u00e1ln\u00ed i emocion\u00e1ln\u00ed hodnotu<\/h2>\n\n\n\n<p>D\u00edky \u0161irok\u00e9mu v\u00fdb\u011bru mo\u017enost\u00ed \u2013 od r\u016fzn\u00fdch barev a velikost\u00ed a\u017e po p\u0159\u00e1n\u00ed\u010dka, ozdoby \u010di d\u00e1rkov\u00e9 krabi\u010dky \u2013 si snadno p\u0159izp\u016fsob\u00edte Blossombs na m\u00edru va\u0161\u00ed firm\u011b nebo ud\u00e1losti. A\u0165 u\u017e jde o mal\u00fd d\u00e1rek nebo komplexn\u00ed bal\u00ed\u010dek s kv\u011btn\u00edkem a zeminou, Blossombs si lid\u00e9 ur\u010dit\u011b zapamatuj\u00ed.<br>Darujete toti\u017e n\u011bco, co m\u00e1 hodnotu nejen materi\u00e1ln\u00ed, ale hlavn\u011b emocion\u00e1ln\u00ed. Vyj\u00e1d\u0159\u00edte tak, \u017ee p\u0159em\u00fd\u0161l\u00edte nejen nad na\u0161\u00ed p\u0159\u00edrodou, ale i nad t\u00edm, jak\u00e9 d\u00e1rky v\u011bnujete. Kv\u011btiny, kter\u00e9 d\u00edky Blossombs vykvetou, p\u0159inesou radost a budou v\u00e1s lidem je\u0161t\u011b dlouho p\u0159ipom\u00ednat.<br>S Blossombs a Ellipse m\u016f\u017eete spojit ekologickou odpov\u011bdnost s origin\u00e1ln\u00edm d\u00e1rkem, kter\u00fd oslov\u00ed opravdu ka\u017ed\u00e9ho. Ozv\u011bte se n\u00e1m a za\u010dn\u011bte tvo\u0159it d\u00e1rky, kter\u00e9 maj\u00ed skute\u010dn\u011b smysl.<\/p>\n\n\n\n<figure class=\"wp-block-gallery has-nested-images columns-default is-cropped wp-block-gallery-3 is-layout-flex wp-block-gallery-is-layout-flex\">\n<figure class=\"wp-block-image size-large\"><img loading=\"lazy\" decoding=\"async\" width=\"607\" height=\"846\" data-id=\"13228\" src=\"https:\/\/ellipse.cz\/wp-content\/uploads\/2025\/03\/sfeer_01.png\" alt=\"\" class=\"wp-image-13228\" srcset=\"https:\/\/ellipse.cz\/wp-content\/uploads\/2025\/03\/sfeer_01.png 607w, https:\/\/ellipse.cz\/wp-content\/uploads\/2025\/03\/sfeer_01-215x300.png 215w, https:\/\/ellipse.cz\/wp-content\/uploads\/2025\/03\/sfeer_01-86x120.png 86w\" sizes=\"auto, (max-width: 607px) 100vw, 607px\" \/><\/figure>\n\n\n\n<figure class=\"wp-block-image size-full\"><img loading=\"lazy\" decoding=\"async\" width=\"612\" height=\"855\" data-id=\"13227\" src=\"https:\/\/ellipse.cz\/wp-content\/uploads\/2025\/03\/sfeer_02.png\" alt=\"\" class=\"wp-image-13227\" srcset=\"https:\/\/ellipse.cz\/wp-content\/uploads\/2025\/03\/sfeer_02.png 612w, https:\/\/ellipse.cz\/wp-content\/uploads\/2025\/03\/sfeer_02-215x300.png 215w, https:\/\/ellipse.cz\/wp-content\/uploads\/2025\/03\/sfeer_02-86x120.png 86w\" sizes=\"auto, (max-width: 612px) 100vw, 612px\" \/><\/figure>\n\n\n\n<figure class=\"wp-block-image size-full\"><img loading=\"lazy\" decoding=\"async\" width=\"500\" height=\"500\" data-id=\"13229\" src=\"https:\/\/ellipse.cz\/wp-content\/uploads\/2025\/03\/Blossombs-box-9-met-zakje_04.jpg\" alt=\"\" class=\"wp-image-13229\" srcset=\"https:\/\/ellipse.cz\/wp-content\/uploads\/2025\/03\/Blossombs-box-9-met-zakje_04.jpg 500w, https:\/\/ellipse.cz\/wp-content\/uploads\/2025\/03\/Blossombs-box-9-met-zakje_04-300x300.jpg 300w, https:\/\/ellipse.cz\/wp-content\/uploads\/2025\/03\/Blossombs-box-9-met-zakje_04-150x150.jpg 150w, https:\/\/ellipse.cz\/wp-content\/uploads\/2025\/03\/Blossombs-box-9-met-zakje_04-120x120.jpg 120w, https:\/\/ellipse.cz\/wp-content\/uploads\/2025\/03\/Blossombs-box-9-met-zakje_04-125x125.jpg 125w\" sizes=\"auto, (max-width: 500px) 100vw, 500px\" \/><\/figure>\n<\/figure>\n","protected":false},"excerpt":{"rendered":"<p>Vsa\u010fte na Blossombs \u2013 merch, kter\u00fd spojuje p\u0159\u00edrodu, hodnoty va\u0161\u00ed firmy a rozd\u00e1v\u00e1 radost. V Ellipse tvo\u0159\u00edme origin\u00e1ln\u00ed d\u00e1rky, kter\u00e9 oslov\u00ed ka\u017ed\u00e9ho.<\/p>\n","protected":false},"author":4,"featured_media":13215,"comment_status":"closed","ping_status":"closed","sticky":false,"template":"","format":"standard","meta":{"_acf_changed":false,"footnotes":""},"categories":[1],"tags":[],"post_category":[360],"class_list":["post-13214","post","type-post","status-publish","format-standard","has-post-thumbnail","hentry","category-uncategorized-cs","post_category-tema"],"acf":[],"yoast_head":"<!-- This site is optimized with the Yoast SEO plugin v27.5 - https:\/\/yoast.com\/product\/yoast-seo-wordpress\/ -->\n<title>Blossombs \u2013 mal\u00fd d\u00e1rek s velk\u00fdm dopadem &#8212; Ellipse<\/title>\n<meta name=\"robots\" content=\"noindex, follow\" \/>\n<meta property=\"og:locale\" content=\"en_US\" \/>\n<meta property=\"og:type\" content=\"article\" \/>\n<meta property=\"og:title\" content=\"Blossombs \u2013 mal\u00fd d\u00e1rek s velk\u00fdm dopadem &#8212; Ellipse\" \/>\n<meta property=\"og:description\" content=\"Vsa\u010fte na Blossombs \u2013 merch, kter\u00fd spojuje p\u0159\u00edrodu, hodnoty va\u0161\u00ed firmy a rozd\u00e1v\u00e1 radost. V Ellipse tvo\u0159\u00edme origin\u00e1ln\u00ed d\u00e1rky, kter\u00e9 oslov\u00ed ka\u017ed\u00e9ho.\" \/>\n<meta property=\"og:url\" content=\"https:\/\/ellipse.cz\/blossombs-maly-ale-silny-symbol-prirody-ktery-neni-jen-darkem\/\" \/>\n<meta property=\"og:site_name\" content=\"Ellipse\" \/>\n<meta property=\"article:publisher\" content=\"https:\/\/www.facebook.com\/ellipseCZ\/\" \/>\n<meta property=\"article:published_time\" content=\"2025-03-03T20:45:34+00:00\" \/>\n<meta property=\"article:modified_time\" content=\"2025-04-23T11:05:48+00:00\" \/>\n<meta property=\"og:image\" content=\"https:\/\/ellipse.cz\/wp-content\/uploads\/2025\/03\/Foto-bewerkt.jpg\" \/>\n\t<meta property=\"og:image:width\" content=\"1800\" \/>\n\t<meta property=\"og:image:height\" content=\"1200\" \/>\n\t<meta property=\"og:image:type\" content=\"image\/jpeg\" \/>\n<meta name=\"author\" content=\"ellipseadmin\" \/>\n<meta name=\"twitter:card\" content=\"summary_large_image\" \/>\n<meta name=\"twitter:label1\" content=\"Written by\" \/>\n\t<meta name=\"twitter:data1\" content=\"ellipseadmin\" \/>\n\t<meta name=\"twitter:label2\" content=\"Est. reading time\" \/>\n\t<meta name=\"twitter:data2\" content=\"4 minutes\" \/>\n<script type=\"application\/ld+json\" class=\"yoast-schema-graph\">{\"@context\":\"https:\\\/\\\/schema.org\",\"@graph\":[{\"@type\":\"Article\",\"@id\":\"https:\\\/\\\/ellipse.cz\\\/blossombs-maly-ale-silny-symbol-prirody-ktery-neni-jen-darkem\\\/#article\",\"isPartOf\":{\"@id\":\"https:\\\/\\\/ellipse.cz\\\/blossombs-maly-ale-silny-symbol-prirody-ktery-neni-jen-darkem\\\/\"},\"author\":{\"name\":\"ellipseadmin\",\"@id\":\"https:\\\/\\\/ellipse.cz\\\/#\\\/schema\\\/person\\\/ad7b7f98f82800945e3046974877a30c\"},\"headline\":\"Blossombs \u2013 mal\u00fd d\u00e1rek s velk\u00fdm dopadem\",\"datePublished\":\"2025-03-03T20:45:34+00:00\",\"dateModified\":\"2025-04-23T11:05:48+00:00\",\"mainEntityOfPage\":{\"@id\":\"https:\\\/\\\/ellipse.cz\\\/blossombs-maly-ale-silny-symbol-prirody-ktery-neni-jen-darkem\\\/\"},\"wordCount\":470,\"publisher\":{\"@id\":\"https:\\\/\\\/ellipse.cz\\\/#organization\"},\"image\":{\"@id\":\"https:\\\/\\\/ellipse.cz\\\/blossombs-maly-ale-silny-symbol-prirody-ktery-neni-jen-darkem\\\/#primaryimage\"},\"thumbnailUrl\":\"https:\\\/\\\/ellipse.cz\\\/wp-content\\\/uploads\\\/2025\\\/03\\\/Foto-bewerkt.jpg\",\"articleSection\":[\"Uncategorized @cs\"],\"inLanguage\":\"en-US\"},{\"@type\":\"WebPage\",\"@id\":\"https:\\\/\\\/ellipse.cz\\\/blossombs-maly-ale-silny-symbol-prirody-ktery-neni-jen-darkem\\\/\",\"url\":\"https:\\\/\\\/ellipse.cz\\\/blossombs-maly-ale-silny-symbol-prirody-ktery-neni-jen-darkem\\\/\",\"name\":\"Blossombs \u2013 mal\u00fd d\u00e1rek s velk\u00fdm dopadem &#8212; Ellipse\",\"isPartOf\":{\"@id\":\"https:\\\/\\\/ellipse.cz\\\/#website\"},\"primaryImageOfPage\":{\"@id\":\"https:\\\/\\\/ellipse.cz\\\/blossombs-maly-ale-silny-symbol-prirody-ktery-neni-jen-darkem\\\/#primaryimage\"},\"image\":{\"@id\":\"https:\\\/\\\/ellipse.cz\\\/blossombs-maly-ale-silny-symbol-prirody-ktery-neni-jen-darkem\\\/#primaryimage\"},\"thumbnailUrl\":\"https:\\\/\\\/ellipse.cz\\\/wp-content\\\/uploads\\\/2025\\\/03\\\/Foto-bewerkt.jpg\",\"datePublished\":\"2025-03-03T20:45:34+00:00\",\"dateModified\":\"2025-04-23T11:05:48+00:00\",\"inLanguage\":\"en-US\",\"potentialAction\":[{\"@type\":\"ReadAction\",\"target\":[\"https:\\\/\\\/ellipse.cz\\\/blossombs-maly-ale-silny-symbol-prirody-ktery-neni-jen-darkem\\\/\"]}]},{\"@type\":\"ImageObject\",\"inLanguage\":\"en-US\",\"@id\":\"https:\\\/\\\/ellipse.cz\\\/blossombs-maly-ale-silny-symbol-prirody-ktery-neni-jen-darkem\\\/#primaryimage\",\"url\":\"https:\\\/\\\/ellipse.cz\\\/wp-content\\\/uploads\\\/2025\\\/03\\\/Foto-bewerkt.jpg\",\"contentUrl\":\"https:\\\/\\\/ellipse.cz\\\/wp-content\\\/uploads\\\/2025\\\/03\\\/Foto-bewerkt.jpg\",\"width\":1800,\"height\":1200},{\"@type\":\"WebSite\",\"@id\":\"https:\\\/\\\/ellipse.cz\\\/#website\",\"url\":\"https:\\\/\\\/ellipse.cz\\\/\",\"name\":\"Ellipse\",\"description\":\"Your Merch Designers.\",\"publisher\":{\"@id\":\"https:\\\/\\\/ellipse.cz\\\/#organization\"},\"potentialAction\":[{\"@type\":\"SearchAction\",\"target\":{\"@type\":\"EntryPoint\",\"urlTemplate\":\"https:\\\/\\\/ellipse.cz\\\/?s={search_term_string}\"},\"query-input\":{\"@type\":\"PropertyValueSpecification\",\"valueRequired\":true,\"valueName\":\"search_term_string\"}}],\"inLanguage\":\"en-US\"},{\"@type\":\"Organization\",\"@id\":\"https:\\\/\\\/ellipse.cz\\\/#organization\",\"name\":\"Ellipse\",\"url\":\"https:\\\/\\\/ellipse.cz\\\/\",\"logo\":{\"@type\":\"ImageObject\",\"inLanguage\":\"en-US\",\"@id\":\"https:\\\/\\\/ellipse.cz\\\/#\\\/schema\\\/logo\\\/image\\\/\",\"url\":\"https:\\\/\\\/ellipse.cz\\\/wp-content\\\/uploads\\\/2021\\\/03\\\/www-logo-bw-02.png\",\"contentUrl\":\"https:\\\/\\\/ellipse.cz\\\/wp-content\\\/uploads\\\/2021\\\/03\\\/www-logo-bw-02.png\",\"width\":1200,\"height\":500,\"caption\":\"Ellipse\"},\"image\":{\"@id\":\"https:\\\/\\\/ellipse.cz\\\/#\\\/schema\\\/logo\\\/image\\\/\"},\"sameAs\":[\"https:\\\/\\\/www.facebook.com\\\/ellipseCZ\\\/\",\"https:\\\/\\\/www.instagram.com\\\/ellipse_cz\\\/\"]},{\"@type\":\"Person\",\"@id\":\"https:\\\/\\\/ellipse.cz\\\/#\\\/schema\\\/person\\\/ad7b7f98f82800945e3046974877a30c\",\"name\":\"ellipseadmin\",\"image\":{\"@type\":\"ImageObject\",\"inLanguage\":\"en-US\",\"@id\":\"https:\\\/\\\/secure.gravatar.com\\\/avatar\\\/f9f3ee23106c221b57d1886d3a3e493d4b32b387ece04017d35ec68bae8d2c03?s=96&d=mm&r=g\",\"url\":\"https:\\\/\\\/secure.gravatar.com\\\/avatar\\\/f9f3ee23106c221b57d1886d3a3e493d4b32b387ece04017d35ec68bae8d2c03?s=96&d=mm&r=g\",\"contentUrl\":\"https:\\\/\\\/secure.gravatar.com\\\/avatar\\\/f9f3ee23106c221b57d1886d3a3e493d4b32b387ece04017d35ec68bae8d2c03?s=96&d=mm&r=g\",\"caption\":\"ellipseadmin\"}}]}<\/script>\n<!-- \/ Yoast SEO plugin. -->","yoast_head_json":{"title":"Blossombs \u2013 mal\u00fd d\u00e1rek s velk\u00fdm dopadem &#8212; Ellipse","robots":{"index":"noindex","follow":"follow"},"og_locale":"en_US","og_type":"article","og_title":"Blossombs \u2013 mal\u00fd d\u00e1rek s velk\u00fdm dopadem &#8212; Ellipse","og_description":"Vsa\u010fte na Blossombs \u2013 merch, kter\u00fd spojuje p\u0159\u00edrodu, hodnoty va\u0161\u00ed firmy a rozd\u00e1v\u00e1 radost. V Ellipse tvo\u0159\u00edme origin\u00e1ln\u00ed d\u00e1rky, kter\u00e9 oslov\u00ed ka\u017ed\u00e9ho.","og_url":"https:\/\/ellipse.cz\/blossombs-maly-ale-silny-symbol-prirody-ktery-neni-jen-darkem\/","og_site_name":"Ellipse","article_publisher":"https:\/\/www.facebook.com\/ellipseCZ\/","article_published_time":"2025-03-03T20:45:34+00:00","article_modified_time":"2025-04-23T11:05:48+00:00","og_image":[{"width":1800,"height":1200,"url":"https:\/\/ellipse.cz\/wp-content\/uploads\/2025\/03\/Foto-bewerkt.jpg","type":"image\/jpeg"}],"author":"ellipseadmin","twitter_card":"summary_large_image","twitter_misc":{"Written by":"ellipseadmin","Est. reading time":"4 minutes"},"schema":{"@context":"https:\/\/schema.org","@graph":[{"@type":"Article","@id":"https:\/\/ellipse.cz\/blossombs-maly-ale-silny-symbol-prirody-ktery-neni-jen-darkem\/#article","isPartOf":{"@id":"https:\/\/ellipse.cz\/blossombs-maly-ale-silny-symbol-prirody-ktery-neni-jen-darkem\/"},"author":{"name":"ellipseadmin","@id":"https:\/\/ellipse.cz\/#\/schema\/person\/ad7b7f98f82800945e3046974877a30c"},"headline":"Blossombs \u2013 mal\u00fd d\u00e1rek s velk\u00fdm dopadem","datePublished":"2025-03-03T20:45:34+00:00","dateModified":"2025-04-23T11:05:48+00:00","mainEntityOfPage":{"@id":"https:\/\/ellipse.cz\/blossombs-maly-ale-silny-symbol-prirody-ktery-neni-jen-darkem\/"},"wordCount":470,"publisher":{"@id":"https:\/\/ellipse.cz\/#organization"},"image":{"@id":"https:\/\/ellipse.cz\/blossombs-maly-ale-silny-symbol-prirody-ktery-neni-jen-darkem\/#primaryimage"},"thumbnailUrl":"https:\/\/ellipse.cz\/wp-content\/uploads\/2025\/03\/Foto-bewerkt.jpg","articleSection":["Uncategorized @cs"],"inLanguage":"en-US"},{"@type":"WebPage","@id":"https:\/\/ellipse.cz\/blossombs-maly-ale-silny-symbol-prirody-ktery-neni-jen-darkem\/","url":"https:\/\/ellipse.cz\/blossombs-maly-ale-silny-symbol-prirody-ktery-neni-jen-darkem\/","name":"Blossombs \u2013 mal\u00fd d\u00e1rek s velk\u00fdm dopadem &#8212; Ellipse","isPartOf":{"@id":"https:\/\/ellipse.cz\/#website"},"primaryImageOfPage":{"@id":"https:\/\/ellipse.cz\/blossombs-maly-ale-silny-symbol-prirody-ktery-neni-jen-darkem\/#primaryimage"},"image":{"@id":"https:\/\/ellipse.cz\/blossombs-maly-ale-silny-symbol-prirody-ktery-neni-jen-darkem\/#primaryimage"},"thumbnailUrl":"https:\/\/ellipse.cz\/wp-content\/uploads\/2025\/03\/Foto-bewerkt.jpg","datePublished":"2025-03-03T20:45:34+00:00","dateModified":"2025-04-23T11:05:48+00:00","inLanguage":"en-US","potentialAction":[{"@type":"ReadAction","target":["https:\/\/ellipse.cz\/blossombs-maly-ale-silny-symbol-prirody-ktery-neni-jen-darkem\/"]}]},{"@type":"ImageObject","inLanguage":"en-US","@id":"https:\/\/ellipse.cz\/blossombs-maly-ale-silny-symbol-prirody-ktery-neni-jen-darkem\/#primaryimage","url":"https:\/\/ellipse.cz\/wp-content\/uploads\/2025\/03\/Foto-bewerkt.jpg","contentUrl":"https:\/\/ellipse.cz\/wp-content\/uploads\/2025\/03\/Foto-bewerkt.jpg","width":1800,"height":1200},{"@type":"WebSite","@id":"https:\/\/ellipse.cz\/#website","url":"https:\/\/ellipse.cz\/","name":"Ellipse","description":"Your Merch Designers.","publisher":{"@id":"https:\/\/ellipse.cz\/#organization"},"potentialAction":[{"@type":"SearchAction","target":{"@type":"EntryPoint","urlTemplate":"https:\/\/ellipse.cz\/?s={search_term_string}"},"query-input":{"@type":"PropertyValueSpecification","valueRequired":true,"valueName":"search_term_string"}}],"inLanguage":"en-US"},{"@type":"Organization","@id":"https:\/\/ellipse.cz\/#organization","name":"Ellipse","url":"https:\/\/ellipse.cz\/","logo":{"@type":"ImageObject","inLanguage":"en-US","@id":"https:\/\/ellipse.cz\/#\/schema\/logo\/image\/","url":"https:\/\/ellipse.cz\/wp-content\/uploads\/2021\/03\/www-logo-bw-02.png","contentUrl":"https:\/\/ellipse.cz\/wp-content\/uploads\/2021\/03\/www-logo-bw-02.png","width":1200,"height":500,"caption":"Ellipse"},"image":{"@id":"https:\/\/ellipse.cz\/#\/schema\/logo\/image\/"},"sameAs":["https:\/\/www.facebook.com\/ellipseCZ\/","https:\/\/www.instagram.com\/ellipse_cz\/"]},{"@type":"Person","@id":"https:\/\/ellipse.cz\/#\/schema\/person\/ad7b7f98f82800945e3046974877a30c","name":"ellipseadmin","image":{"@type":"ImageObject","inLanguage":"en-US","@id":"https:\/\/secure.gravatar.com\/avatar\/f9f3ee23106c221b57d1886d3a3e493d4b32b387ece04017d35ec68bae8d2c03?s=96&d=mm&r=g","url":"https:\/\/secure.gravatar.com\/avatar\/f9f3ee23106c221b57d1886d3a3e493d4b32b387ece04017d35ec68bae8d2c03?s=96&d=mm&r=g","contentUrl":"https:\/\/secure.gravatar.com\/avatar\/f9f3ee23106c221b57d1886d3a3e493d4b32b387ece04017d35ec68bae8d2c03?s=96&d=mm&r=g","caption":"ellipseadmin"}}]}},"_links":{"self":[{"href":"https:\/\/ellipse.cz\/en\/wp-json\/wp\/v2\/posts\/13214","targetHints":{"allow":["GET"]}}],"collection":[{"href":"https:\/\/ellipse.cz\/en\/wp-json\/wp\/v2\/posts"}],"about":[{"href":"https:\/\/ellipse.cz\/en\/wp-json\/wp\/v2\/types\/post"}],"author":[{"embeddable":true,"href":"https:\/\/ellipse.cz\/en\/wp-json\/wp\/v2\/users\/4"}],"replies":[{"embeddable":true,"href":"https:\/\/ellipse.cz\/en\/wp-json\/wp\/v2\/comments?post=13214"}],"version-history":[{"count":2,"href":"https:\/\/ellipse.cz\/en\/wp-json\/wp\/v2\/posts\/13214\/revisions"}],"predecessor-version":[{"id":13232,"href":"https:\/\/ellipse.cz\/en\/wp-json\/wp\/v2\/posts\/13214\/revisions\/13232"}],"wp:featuredmedia":[{"embeddable":true,"href":"https:\/\/ellipse.cz\/en\/wp-json\/wp\/v2\/media\/13215"}],"wp:attachment":[{"href":"https:\/\/ellipse.cz\/en\/wp-json\/wp\/v2\/media?parent=13214"}],"wp:term":[{"taxonomy":"category","embeddable":true,"href":"https:\/\/ellipse.cz\/en\/wp-json\/wp\/v2\/categories?post=13214"},{"taxonomy":"post_tag","embeddable":true,"href":"https:\/\/ellipse.cz\/en\/wp-json\/wp\/v2\/tags?post=13214"},{"taxonomy":"post_category","embeddable":true,"href":"https:\/\/ellipse.cz\/en\/wp-json\/wp\/v2\/post_category?post=13214"}],"curies":[{"name":"wp","href":"https:\/\/api.w.org\/{rel}","templated":true}]}}