{"id":9848,"date":"2022-05-24T13:25:03","date_gmt":"2022-05-24T11:25:03","guid":{"rendered":"https:\/\/ellipse.cz\/?p=9848"},"modified":"2022-05-31T11:41:48","modified_gmt":"2022-05-31T09:41:48","slug":"neni-nikdo-na-textil","status":"publish","type":"post","link":"https:\/\/ellipse.cz\/en\/neni-nikdo-na-textil\/","title":{"rendered":"Nen\u00ed nikdo na textil?"},"content":{"rendered":"\n<p><\/p>\n\n\n\n<p>\u010casto od V\u00e1s v posledn\u00ed dob\u011b sl\u00fdch\u00e1me, \u017ee V\u00e1m ve firm\u011b chyb\u00ed \u010dlov\u011bk, kter\u00fd by \u0159e\u0161il textiln\u00ed zak\u00e1zky.<\/p>\n\n\n\n<p><br>P\u0159ed dobou covidovou byly s\u00edly rozlo\u017eeny tak, aby pracovn\u00edci v\u0161e st\u00edhali, v\u010detn\u011b rozvoje. Pak ale nastalo zten\u010dov\u00e1n\u00ed stavu zam\u011bstnanc\u016f a v mnoha firm\u00e1ch marketingov\u00e1 a n\u00e1kupn\u00ed odd\u011blen\u00ed zna\u010dn\u011b pro\u0159\u00eddla. Nen\u00ed tedy divu, \u017ee ka\u017ed\u00fd nov\u00fd projekt u\u017e m\u016f\u017ee b\u00fdt nad Va\u0161e s\u00edly. <\/p>\n\n\n\n<p><br>Ale co s t\u00edm, kdy\u017e popt\u00e1vka re\u00e1ln\u011b existuje? Je pot\u0159eba obnovit zam\u011bstnaneck\u00e9 uniformy, nebo nakoupit trika pro firemn\u00ed sportovn\u00ed t\u00fdm\u2026.<\/p>\n\n\n\n<p><br>Jdeme V\u00e1m naproti a uv\u00e1d\u00edme slu\u017ebu s n\u00e1zvem Asistentka Jani\u010dka.<\/p>\n\n\n\n<figure class=\"wp-block-embed is-type-video is-provider-youtube wp-block-embed-youtube wp-embed-aspect-16-9 wp-has-aspect-ratio\"><div class=\"wp-block-embed__wrapper\">\n<iframe loading=\"lazy\" title=\"Asistentka Jani\u010dka\" width=\"1200\" height=\"675\" src=\"https:\/\/www.youtube.com\/embed\/VxEjecZXWWE?feature=oembed&#038;enablejsapi=1&#038;origin=https:\/\/ellipse.cz\" frameborder=\"0\" allow=\"accelerometer; autoplay; clipboard-write; encrypted-media; gyroscope; picture-in-picture\" allowfullscreen><\/iframe>\n<\/div><\/figure>\n\n\n\n<p><\/p>\n\n\n\n<p>Asistentka pracuje pro V\u00e1s. Sd\u011bl\u00edte j\u00ed svoji p\u0159edstavu a ona chyst\u00e1 n\u00e1vrhy, nab\u00eddky, prezentace, vzorky. Vy schvalujete.<\/p>\n\n\n\n<p><\/p>\n\n\n\n<p>V praxi to znamen\u00e1, \u017ee b\u011b\u017en\u00e1 zak\u00e1zka V\u00e1m nezabere ani dv\u011b hodiny \u010dasu:<\/p>\n\n\n\n<p>\u2022 Popt\u00e1vka \u2013 30 minut \u010dasu v online callu \u2013 sd\u011bl\u00edte n\u00e1m svoji p\u0159edstavu (typ produktu \/ po\u010dty kus\u016f \/ po\u017eadavky na design \/ budget).<br>\u2022 Schv\u00e1len\u00ed orienta\u010dn\u00ed cenov\u00e9 nab\u00eddky, timingu \u2013 15 minut.<br>\u2022 Schv\u00e1len\u00ed grafiky \u2013 10 minut.<br>\u2022 Schv\u00e1len\u00ed vzorku \u2013 20 minut.<br>\u2022 Schv\u00e1len\u00ed objedn\u00e1vky \u2013 5 minut.<br>\u2022 P\u0159evzet\u00ed hotov\u00e9ho zbo\u017e\u00ed klientem \u2013 10 minut.<\/p>\n\n\n\n<p>Celkem 90 minut.<\/p>\n\n\n\n<p><\/p>\n\n\n\n<p><\/p>\n\n\n\n<p>Na\u0161im klient\u016fm poskytujeme nadstandardn\u00ed servis. <\/p>\n\n\n\n<p>Zkuste poptat asistentku Jani\u010dku!<\/p>\n\n\n\n<p><\/p>\n","protected":false},"excerpt":{"rendered":"<p>\u010casto od V\u00e1s v posledn\u00ed dob\u011b sl\u00fdch\u00e1me, \u017ee V\u00e1m ve firm\u011b chyb\u00ed \u010dlov\u011bk, kter\u00fd by \u0159e\u0161il textiln\u00ed zak\u00e1zky. P\u0159ed dobou covidovou byly s\u00edly rozlo\u017eeny tak, aby pracovn\u00edci v\u0161e st\u00edhali, v\u010detn\u011b rozvoje. Pak ale nastalo zten\u010dov\u00e1n\u00ed stavu zam\u011bstnanc\u016f a v mnoha firm\u00e1ch marketingov\u00e1 a n\u00e1kupn\u00ed odd\u011blen\u00ed zna\u010dn\u011b pro\u0159\u00eddla. Nen\u00ed tedy divu, \u017ee ka\u017ed\u00fd nov\u00fd projekt u\u017e<a class=\"excerpt-read-more\" href=\"https:\/\/ellipse.cz\/en\/neni-nikdo-na-textil\/\" title=\"ReadNen\u00ed nikdo na textil?\">&#8230; Read more &raquo;<\/a><\/p>\n","protected":false},"author":4,"featured_media":9860,"comment_status":"closed","ping_status":"closed","sticky":false,"template":"","format":"standard","meta":{"_acf_changed":false,"footnotes":""},"categories":[1],"tags":[],"post_category":[360],"class_list":["post-9848","post","type-post","status-publish","format-standard","has-post-thumbnail","hentry","category-uncategorized-cs","post_category-tema"],"acf":[],"yoast_head":"<!-- This site is optimized with the Yoast SEO plugin v27.5 - https:\/\/yoast.com\/product\/yoast-seo-wordpress\/ -->\n<title>Nen\u00ed nikdo na textil? &#8212; Ellipse<\/title>\n<meta name=\"robots\" content=\"noindex, follow\" \/>\n<meta property=\"og:locale\" content=\"en_US\" \/>\n<meta property=\"og:type\" content=\"article\" \/>\n<meta property=\"og:title\" content=\"Nen\u00ed nikdo na textil? &#8212; Ellipse\" \/>\n<meta property=\"og:description\" content=\"\u010casto od V\u00e1s v posledn\u00ed dob\u011b sl\u00fdch\u00e1me, \u017ee V\u00e1m ve firm\u011b chyb\u00ed \u010dlov\u011bk, kter\u00fd by \u0159e\u0161il textiln\u00ed zak\u00e1zky. P\u0159ed dobou covidovou byly s\u00edly rozlo\u017eeny tak, aby pracovn\u00edci v\u0161e st\u00edhali, v\u010detn\u011b rozvoje. Pak ale nastalo zten\u010dov\u00e1n\u00ed stavu zam\u011bstnanc\u016f a v mnoha firm\u00e1ch marketingov\u00e1 a n\u00e1kupn\u00ed odd\u011blen\u00ed zna\u010dn\u011b pro\u0159\u00eddla. Nen\u00ed tedy divu, \u017ee ka\u017ed\u00fd nov\u00fd projekt u\u017e... Read more &raquo;\" \/>\n<meta property=\"og:url\" content=\"https:\/\/ellipse.cz\/neni-nikdo-na-textil\/\" \/>\n<meta property=\"og:site_name\" content=\"Ellipse\" \/>\n<meta property=\"article:publisher\" content=\"https:\/\/www.facebook.com\/ellipseCZ\/\" \/>\n<meta property=\"article:published_time\" content=\"2022-05-24T11:25:03+00:00\" \/>\n<meta property=\"article:modified_time\" content=\"2022-05-31T09:41:48+00:00\" \/>\n<meta property=\"og:image\" content=\"https:\/\/ellipse.cz\/wp-content\/uploads\/2022\/05\/question-4105529_1920.jpg\" \/>\n\t<meta property=\"og:image:width\" content=\"1920\" \/>\n\t<meta property=\"og:image:height\" content=\"1238\" \/>\n\t<meta property=\"og:image:type\" content=\"image\/jpeg\" \/>\n<meta name=\"author\" content=\"ellipseadmin\" \/>\n<meta name=\"twitter:card\" content=\"summary_large_image\" \/>\n<meta name=\"twitter:label1\" content=\"Written by\" \/>\n\t<meta name=\"twitter:data1\" content=\"ellipseadmin\" \/>\n\t<meta name=\"twitter:label2\" content=\"Est. reading time\" \/>\n\t<meta name=\"twitter:data2\" content=\"2 minutes\" \/>\n<script type=\"application\/ld+json\" class=\"yoast-schema-graph\">{\"@context\":\"https:\\\/\\\/schema.org\",\"@graph\":[{\"@type\":\"Article\",\"@id\":\"https:\\\/\\\/ellipse.cz\\\/neni-nikdo-na-textil\\\/#article\",\"isPartOf\":{\"@id\":\"https:\\\/\\\/ellipse.cz\\\/neni-nikdo-na-textil\\\/\"},\"author\":{\"name\":\"ellipseadmin\",\"@id\":\"https:\\\/\\\/ellipse.cz\\\/#\\\/schema\\\/person\\\/ad7b7f98f82800945e3046974877a30c\"},\"headline\":\"Nen\u00ed nikdo na textil?\",\"datePublished\":\"2022-05-24T11:25:03+00:00\",\"dateModified\":\"2022-05-31T09:41:48+00:00\",\"mainEntityOfPage\":{\"@id\":\"https:\\\/\\\/ellipse.cz\\\/neni-nikdo-na-textil\\\/\"},\"wordCount\":247,\"publisher\":{\"@id\":\"https:\\\/\\\/ellipse.cz\\\/#organization\"},\"image\":{\"@id\":\"https:\\\/\\\/ellipse.cz\\\/neni-nikdo-na-textil\\\/#primaryimage\"},\"thumbnailUrl\":\"https:\\\/\\\/ellipse.cz\\\/wp-content\\\/uploads\\\/2022\\\/05\\\/question-4105529_1920.jpg\",\"articleSection\":[\"Uncategorized @cs\"],\"inLanguage\":\"en-US\"},{\"@type\":\"WebPage\",\"@id\":\"https:\\\/\\\/ellipse.cz\\\/neni-nikdo-na-textil\\\/\",\"url\":\"https:\\\/\\\/ellipse.cz\\\/neni-nikdo-na-textil\\\/\",\"name\":\"Nen\u00ed nikdo na textil? &#8212; Ellipse\",\"isPartOf\":{\"@id\":\"https:\\\/\\\/ellipse.cz\\\/#website\"},\"primaryImageOfPage\":{\"@id\":\"https:\\\/\\\/ellipse.cz\\\/neni-nikdo-na-textil\\\/#primaryimage\"},\"image\":{\"@id\":\"https:\\\/\\\/ellipse.cz\\\/neni-nikdo-na-textil\\\/#primaryimage\"},\"thumbnailUrl\":\"https:\\\/\\\/ellipse.cz\\\/wp-content\\\/uploads\\\/2022\\\/05\\\/question-4105529_1920.jpg\",\"datePublished\":\"2022-05-24T11:25:03+00:00\",\"dateModified\":\"2022-05-31T09:41:48+00:00\",\"inLanguage\":\"en-US\",\"potentialAction\":[{\"@type\":\"ReadAction\",\"target\":[\"https:\\\/\\\/ellipse.cz\\\/neni-nikdo-na-textil\\\/\"]}]},{\"@type\":\"ImageObject\",\"inLanguage\":\"en-US\",\"@id\":\"https:\\\/\\\/ellipse.cz\\\/neni-nikdo-na-textil\\\/#primaryimage\",\"url\":\"https:\\\/\\\/ellipse.cz\\\/wp-content\\\/uploads\\\/2022\\\/05\\\/question-4105529_1920.jpg\",\"contentUrl\":\"https:\\\/\\\/ellipse.cz\\\/wp-content\\\/uploads\\\/2022\\\/05\\\/question-4105529_1920.jpg\",\"width\":1920,\"height\":1238},{\"@type\":\"WebSite\",\"@id\":\"https:\\\/\\\/ellipse.cz\\\/#website\",\"url\":\"https:\\\/\\\/ellipse.cz\\\/\",\"name\":\"Ellipse\",\"description\":\"Your Merch Designers.\",\"publisher\":{\"@id\":\"https:\\\/\\\/ellipse.cz\\\/#organization\"},\"potentialAction\":[{\"@type\":\"SearchAction\",\"target\":{\"@type\":\"EntryPoint\",\"urlTemplate\":\"https:\\\/\\\/ellipse.cz\\\/?s={search_term_string}\"},\"query-input\":{\"@type\":\"PropertyValueSpecification\",\"valueRequired\":true,\"valueName\":\"search_term_string\"}}],\"inLanguage\":\"en-US\"},{\"@type\":\"Organization\",\"@id\":\"https:\\\/\\\/ellipse.cz\\\/#organization\",\"name\":\"Ellipse\",\"url\":\"https:\\\/\\\/ellipse.cz\\\/\",\"logo\":{\"@type\":\"ImageObject\",\"inLanguage\":\"en-US\",\"@id\":\"https:\\\/\\\/ellipse.cz\\\/#\\\/schema\\\/logo\\\/image\\\/\",\"url\":\"https:\\\/\\\/ellipse.cz\\\/wp-content\\\/uploads\\\/2021\\\/03\\\/www-logo-bw-02.png\",\"contentUrl\":\"https:\\\/\\\/ellipse.cz\\\/wp-content\\\/uploads\\\/2021\\\/03\\\/www-logo-bw-02.png\",\"width\":1200,\"height\":500,\"caption\":\"Ellipse\"},\"image\":{\"@id\":\"https:\\\/\\\/ellipse.cz\\\/#\\\/schema\\\/logo\\\/image\\\/\"},\"sameAs\":[\"https:\\\/\\\/www.facebook.com\\\/ellipseCZ\\\/\",\"https:\\\/\\\/www.instagram.com\\\/ellipse_cz\\\/\"]},{\"@type\":\"Person\",\"@id\":\"https:\\\/\\\/ellipse.cz\\\/#\\\/schema\\\/person\\\/ad7b7f98f82800945e3046974877a30c\",\"name\":\"ellipseadmin\",\"image\":{\"@type\":\"ImageObject\",\"inLanguage\":\"en-US\",\"@id\":\"https:\\\/\\\/secure.gravatar.com\\\/avatar\\\/f9f3ee23106c221b57d1886d3a3e493d4b32b387ece04017d35ec68bae8d2c03?s=96&d=mm&r=g\",\"url\":\"https:\\\/\\\/secure.gravatar.com\\\/avatar\\\/f9f3ee23106c221b57d1886d3a3e493d4b32b387ece04017d35ec68bae8d2c03?s=96&d=mm&r=g\",\"contentUrl\":\"https:\\\/\\\/secure.gravatar.com\\\/avatar\\\/f9f3ee23106c221b57d1886d3a3e493d4b32b387ece04017d35ec68bae8d2c03?s=96&d=mm&r=g\",\"caption\":\"ellipseadmin\"}}]}<\/script>\n<!-- \/ Yoast SEO plugin. -->","yoast_head_json":{"title":"Nen\u00ed nikdo na textil? &#8212; Ellipse","robots":{"index":"noindex","follow":"follow"},"og_locale":"en_US","og_type":"article","og_title":"Nen\u00ed nikdo na textil? &#8212; Ellipse","og_description":"\u010casto od V\u00e1s v posledn\u00ed dob\u011b sl\u00fdch\u00e1me, \u017ee V\u00e1m ve firm\u011b chyb\u00ed \u010dlov\u011bk, kter\u00fd by \u0159e\u0161il textiln\u00ed zak\u00e1zky. P\u0159ed dobou covidovou byly s\u00edly rozlo\u017eeny tak, aby pracovn\u00edci v\u0161e st\u00edhali, v\u010detn\u011b rozvoje. Pak ale nastalo zten\u010dov\u00e1n\u00ed stavu zam\u011bstnanc\u016f a v mnoha firm\u00e1ch marketingov\u00e1 a n\u00e1kupn\u00ed odd\u011blen\u00ed zna\u010dn\u011b pro\u0159\u00eddla. Nen\u00ed tedy divu, \u017ee ka\u017ed\u00fd nov\u00fd projekt u\u017e... Read more &raquo;","og_url":"https:\/\/ellipse.cz\/neni-nikdo-na-textil\/","og_site_name":"Ellipse","article_publisher":"https:\/\/www.facebook.com\/ellipseCZ\/","article_published_time":"2022-05-24T11:25:03+00:00","article_modified_time":"2022-05-31T09:41:48+00:00","og_image":[{"width":1920,"height":1238,"url":"https:\/\/ellipse.cz\/wp-content\/uploads\/2022\/05\/question-4105529_1920.jpg","type":"image\/jpeg"}],"author":"ellipseadmin","twitter_card":"summary_large_image","twitter_misc":{"Written by":"ellipseadmin","Est. reading time":"2 minutes"},"schema":{"@context":"https:\/\/schema.org","@graph":[{"@type":"Article","@id":"https:\/\/ellipse.cz\/neni-nikdo-na-textil\/#article","isPartOf":{"@id":"https:\/\/ellipse.cz\/neni-nikdo-na-textil\/"},"author":{"name":"ellipseadmin","@id":"https:\/\/ellipse.cz\/#\/schema\/person\/ad7b7f98f82800945e3046974877a30c"},"headline":"Nen\u00ed nikdo na textil?","datePublished":"2022-05-24T11:25:03+00:00","dateModified":"2022-05-31T09:41:48+00:00","mainEntityOfPage":{"@id":"https:\/\/ellipse.cz\/neni-nikdo-na-textil\/"},"wordCount":247,"publisher":{"@id":"https:\/\/ellipse.cz\/#organization"},"image":{"@id":"https:\/\/ellipse.cz\/neni-nikdo-na-textil\/#primaryimage"},"thumbnailUrl":"https:\/\/ellipse.cz\/wp-content\/uploads\/2022\/05\/question-4105529_1920.jpg","articleSection":["Uncategorized @cs"],"inLanguage":"en-US"},{"@type":"WebPage","@id":"https:\/\/ellipse.cz\/neni-nikdo-na-textil\/","url":"https:\/\/ellipse.cz\/neni-nikdo-na-textil\/","name":"Nen\u00ed nikdo na textil? &#8212; Ellipse","isPartOf":{"@id":"https:\/\/ellipse.cz\/#website"},"primaryImageOfPage":{"@id":"https:\/\/ellipse.cz\/neni-nikdo-na-textil\/#primaryimage"},"image":{"@id":"https:\/\/ellipse.cz\/neni-nikdo-na-textil\/#primaryimage"},"thumbnailUrl":"https:\/\/ellipse.cz\/wp-content\/uploads\/2022\/05\/question-4105529_1920.jpg","datePublished":"2022-05-24T11:25:03+00:00","dateModified":"2022-05-31T09:41:48+00:00","inLanguage":"en-US","potentialAction":[{"@type":"ReadAction","target":["https:\/\/ellipse.cz\/neni-nikdo-na-textil\/"]}]},{"@type":"ImageObject","inLanguage":"en-US","@id":"https:\/\/ellipse.cz\/neni-nikdo-na-textil\/#primaryimage","url":"https:\/\/ellipse.cz\/wp-content\/uploads\/2022\/05\/question-4105529_1920.jpg","contentUrl":"https:\/\/ellipse.cz\/wp-content\/uploads\/2022\/05\/question-4105529_1920.jpg","width":1920,"height":1238},{"@type":"WebSite","@id":"https:\/\/ellipse.cz\/#website","url":"https:\/\/ellipse.cz\/","name":"Ellipse","description":"Your Merch Designers.","publisher":{"@id":"https:\/\/ellipse.cz\/#organization"},"potentialAction":[{"@type":"SearchAction","target":{"@type":"EntryPoint","urlTemplate":"https:\/\/ellipse.cz\/?s={search_term_string}"},"query-input":{"@type":"PropertyValueSpecification","valueRequired":true,"valueName":"search_term_string"}}],"inLanguage":"en-US"},{"@type":"Organization","@id":"https:\/\/ellipse.cz\/#organization","name":"Ellipse","url":"https:\/\/ellipse.cz\/","logo":{"@type":"ImageObject","inLanguage":"en-US","@id":"https:\/\/ellipse.cz\/#\/schema\/logo\/image\/","url":"https:\/\/ellipse.cz\/wp-content\/uploads\/2021\/03\/www-logo-bw-02.png","contentUrl":"https:\/\/ellipse.cz\/wp-content\/uploads\/2021\/03\/www-logo-bw-02.png","width":1200,"height":500,"caption":"Ellipse"},"image":{"@id":"https:\/\/ellipse.cz\/#\/schema\/logo\/image\/"},"sameAs":["https:\/\/www.facebook.com\/ellipseCZ\/","https:\/\/www.instagram.com\/ellipse_cz\/"]},{"@type":"Person","@id":"https:\/\/ellipse.cz\/#\/schema\/person\/ad7b7f98f82800945e3046974877a30c","name":"ellipseadmin","image":{"@type":"ImageObject","inLanguage":"en-US","@id":"https:\/\/secure.gravatar.com\/avatar\/f9f3ee23106c221b57d1886d3a3e493d4b32b387ece04017d35ec68bae8d2c03?s=96&d=mm&r=g","url":"https:\/\/secure.gravatar.com\/avatar\/f9f3ee23106c221b57d1886d3a3e493d4b32b387ece04017d35ec68bae8d2c03?s=96&d=mm&r=g","contentUrl":"https:\/\/secure.gravatar.com\/avatar\/f9f3ee23106c221b57d1886d3a3e493d4b32b387ece04017d35ec68bae8d2c03?s=96&d=mm&r=g","caption":"ellipseadmin"}}]}},"_links":{"self":[{"href":"https:\/\/ellipse.cz\/en\/wp-json\/wp\/v2\/posts\/9848","targetHints":{"allow":["GET"]}}],"collection":[{"href":"https:\/\/ellipse.cz\/en\/wp-json\/wp\/v2\/posts"}],"about":[{"href":"https:\/\/ellipse.cz\/en\/wp-json\/wp\/v2\/types\/post"}],"author":[{"embeddable":true,"href":"https:\/\/ellipse.cz\/en\/wp-json\/wp\/v2\/users\/4"}],"replies":[{"embeddable":true,"href":"https:\/\/ellipse.cz\/en\/wp-json\/wp\/v2\/comments?post=9848"}],"version-history":[{"count":0,"href":"https:\/\/ellipse.cz\/en\/wp-json\/wp\/v2\/posts\/9848\/revisions"}],"wp:featuredmedia":[{"embeddable":true,"href":"https:\/\/ellipse.cz\/en\/wp-json\/wp\/v2\/media\/9860"}],"wp:attachment":[{"href":"https:\/\/ellipse.cz\/en\/wp-json\/wp\/v2\/media?parent=9848"}],"wp:term":[{"taxonomy":"category","embeddable":true,"href":"https:\/\/ellipse.cz\/en\/wp-json\/wp\/v2\/categories?post=9848"},{"taxonomy":"post_tag","embeddable":true,"href":"https:\/\/ellipse.cz\/en\/wp-json\/wp\/v2\/tags?post=9848"},{"taxonomy":"post_category","embeddable":true,"href":"https:\/\/ellipse.cz\/en\/wp-json\/wp\/v2\/post_category?post=9848"}],"curies":[{"name":"wp","href":"https:\/\/api.w.org\/{rel}","templated":true}]}}