{"id":9955,"date":"2022-06-30T23:11:37","date_gmt":"2022-06-30T21:11:37","guid":{"rendered":"https:\/\/ellipse.cz\/?p=9955"},"modified":"2022-11-03T23:33:52","modified_gmt":"2022-11-03T22:33:52","slug":"v-dostihove-staji","status":"publish","type":"post","link":"https:\/\/ellipse.cz\/en\/v-dostihove-staji\/","title":{"rendered":"V dostihov\u00e9 st\u00e1ji"},"content":{"rendered":"\n<p>Valencio Hol\u010d\u00e1k je tr\u00e9ninkov\u00e1 st\u00e1j ve Velk\u00fdch Karlovic\u00edch s mnohaletou tradic\u00ed a \u0159adou v\u00fdznamn\u00fdch \u00fasp\u011bch\u016f.<br>Profesion\u00e1ln\u00ed dostihovou st\u00e1j zalo\u017eil Franti\u0161ek Hol\u010d\u00e1k ji\u017e v roce 1985 a nyn\u00ed ji vede jeho syn, Radek Hol\u010d\u00e1k. Jm\u00e9no Hol\u010d\u00e1k je v tuzemsk\u00e9 historii dostih\u016f v\u00fdrazn\u00fdm pojmem. St\u00e1j Valencio Hol\u010d\u00e1k se py\u0161n\u00ed \u010desk\u00fdmi i mezin\u00e1rodn\u00edmi \u00fasp\u011bchy.<\/p>\n\n\n\n<p>Ellipse s Radkem Hol\u010d\u00e1kem spolupracuje v oblasti firemn\u00edho textilu a merchandisingu. Textil je pou\u017e\u00edv\u00e1n pro ka\u017edodenn\u00ed z\u00e1t\u011b\u017eovou \u010dinnost, fyzickou pr\u00e1ci ve st\u00e1ji i venku, ve vala\u0161sk\u00fdch podnebn\u00fdch podm\u00ednk\u00e1ch.<\/p>\n\n\n\n<figure class=\"wp-block-gallery has-nested-images columns-default is-cropped wp-block-gallery-1 is-layout-flex wp-block-gallery-is-layout-flex\">\n<figure class=\"wp-block-image size-large\"><img loading=\"lazy\" decoding=\"async\" width=\"1089\" height=\"674\" data-id=\"9960\" src=\"https:\/\/ellipse.cz\/wp-content\/uploads\/2022\/06\/2B5A9558.jpg\" alt=\"\" class=\"wp-image-9960\" srcset=\"https:\/\/ellipse.cz\/wp-content\/uploads\/2022\/06\/2B5A9558.jpg 1089w, https:\/\/ellipse.cz\/wp-content\/uploads\/2022\/06\/2B5A9558-300x186.jpg 300w, https:\/\/ellipse.cz\/wp-content\/uploads\/2022\/06\/2B5A9558-1024x634.jpg 1024w, https:\/\/ellipse.cz\/wp-content\/uploads\/2022\/06\/2B5A9558-768x475.jpg 768w, https:\/\/ellipse.cz\/wp-content\/uploads\/2022\/06\/2B5A9558-120x74.jpg 120w\" sizes=\"auto, (max-width: 1089px) 100vw, 1089px\" \/><\/figure>\n\n\n\n<figure class=\"wp-block-image size-large\"><img loading=\"lazy\" decoding=\"async\" width=\"1200\" height=\"727\" data-id=\"9962\" src=\"https:\/\/ellipse.cz\/wp-content\/uploads\/2022\/06\/2B5A9633.jpg\" alt=\"\" class=\"wp-image-9962\" srcset=\"https:\/\/ellipse.cz\/wp-content\/uploads\/2022\/06\/2B5A9633.jpg 1200w, https:\/\/ellipse.cz\/wp-content\/uploads\/2022\/06\/2B5A9633-300x182.jpg 300w, https:\/\/ellipse.cz\/wp-content\/uploads\/2022\/06\/2B5A9633-1024x620.jpg 1024w, https:\/\/ellipse.cz\/wp-content\/uploads\/2022\/06\/2B5A9633-768x465.jpg 768w, https:\/\/ellipse.cz\/wp-content\/uploads\/2022\/06\/2B5A9633-120x73.jpg 120w\" sizes=\"auto, (max-width: 1200px) 100vw, 1200px\" \/><\/figure>\n<\/figure>\n\n\n\n<p>Pan Hol\u010d\u00e1k byl ve sv\u00fdch p\u0159\u00e1n\u00edch na design, barvy i funkci od\u011bv\u016f zcela konkr\u00e9tn\u00ed. Oble\u010den\u00ed mus\u00ed plnit sv\u016fj \u00fa\u010del, b\u00fdt praktick\u00e9 na no\u0161en\u00ed i \u00fadr\u017ebu, prody\u0161n\u00e9 pro fyzickou pr\u00e1ci a jezdectv\u00ed a v neposledn\u00ed \u0159ad\u011b nese a komunikuje loga st\u00e1je a sponzor\u016f. Byla zvolena korpor\u00e1tn\u00ed barevn\u00e1 \u0161k\u00e1la, tedy rud\u00e1 \u010derven\u00e1 a kr\u00e1lovsk\u00e1 modr\u00e1. Jsou to nejen barvy vych\u00e1zej\u00edc\u00ed z logotypu, ale tak\u00e9 obl\u00edben\u00e9 barvy majitele st\u00e1je plnohodnotn\u011b reprezentuj\u00edc\u00ed tuto kr\u00e1lovskou sportovn\u00ed discipl\u00ednu.<\/p>\n\n\n\n<p>Klient vybral typy produkt\u016f, po\u010dty a stanovil budget. Podm\u00ednky tentokr\u00e1t splnil pr\u00e9miov\u00fd skladov\u00fd textil, kter\u00fd jsme vz\u00e1jemn\u011b vizu\u00e1ln\u011b propojili pomoc\u00ed dopl\u0148k\u016f a aplikac\u00ed v jednotnou kolekci.<\/p>\n\n\n\n<p>D\u011bkujeme Valencio Hol\u010d\u00e1k za skv\u011blou spolupr\u00e1ci a pozv\u00e1n\u00ed str\u00e1vit s t\u00fdmem kr\u00e1sn\u00fd tr\u00e9ninkov\u00fd den!<\/p>\n\n\n\n<figure class=\"wp-block-gallery has-nested-images columns-default is-cropped wp-block-gallery-2 is-layout-flex wp-block-gallery-is-layout-flex\">\n<figure class=\"wp-block-image size-large\"><img loading=\"lazy\" decoding=\"async\" width=\"1168\" height=\"1537\" data-id=\"9964\" src=\"https:\/\/ellipse.cz\/wp-content\/uploads\/2022\/06\/2B5A9837_01.jpg\" alt=\"\" class=\"wp-image-9964\" srcset=\"https:\/\/ellipse.cz\/wp-content\/uploads\/2022\/06\/2B5A9837_01.jpg 1168w, https:\/\/ellipse.cz\/wp-content\/uploads\/2022\/06\/2B5A9837_01-228x300.jpg 228w, https:\/\/ellipse.cz\/wp-content\/uploads\/2022\/06\/2B5A9837_01-778x1024.jpg 778w, https:\/\/ellipse.cz\/wp-content\/uploads\/2022\/06\/2B5A9837_01-768x1011.jpg 768w, https:\/\/ellipse.cz\/wp-content\/uploads\/2022\/06\/2B5A9837_01-91x120.jpg 91w\" sizes=\"auto, (max-width: 1168px) 100vw, 1168px\" \/><\/figure>\n\n\n\n<figure class=\"wp-block-image size-large\"><img loading=\"lazy\" decoding=\"async\" width=\"1149\" height=\"1626\" data-id=\"9966\" src=\"https:\/\/ellipse.cz\/wp-content\/uploads\/2022\/06\/2B5A9502.jpg\" alt=\"\" class=\"wp-image-9966\" srcset=\"https:\/\/ellipse.cz\/wp-content\/uploads\/2022\/06\/2B5A9502.jpg 1149w, https:\/\/ellipse.cz\/wp-content\/uploads\/2022\/06\/2B5A9502-212x300.jpg 212w, https:\/\/ellipse.cz\/wp-content\/uploads\/2022\/06\/2B5A9502-724x1024.jpg 724w, https:\/\/ellipse.cz\/wp-content\/uploads\/2022\/06\/2B5A9502-768x1087.jpg 768w, https:\/\/ellipse.cz\/wp-content\/uploads\/2022\/06\/2B5A9502-1085x1536.jpg 1085w, https:\/\/ellipse.cz\/wp-content\/uploads\/2022\/06\/2B5A9502-85x120.jpg 85w\" sizes=\"auto, (max-width: 1149px) 100vw, 1149px\" \/><\/figure>\n\n\n\n<figure class=\"wp-block-image size-large\"><img loading=\"lazy\" decoding=\"async\" width=\"1837\" height=\"2560\" data-id=\"9968\" src=\"https:\/\/ellipse.cz\/wp-content\/uploads\/2022\/06\/2B5A9521-scaled.jpg\" alt=\"\" class=\"wp-image-9968\" srcset=\"https:\/\/ellipse.cz\/wp-content\/uploads\/2022\/06\/2B5A9521-scaled.jpg 1837w, https:\/\/ellipse.cz\/wp-content\/uploads\/2022\/06\/2B5A9521-215x300.jpg 215w, https:\/\/ellipse.cz\/wp-content\/uploads\/2022\/06\/2B5A9521-735x1024.jpg 735w, https:\/\/ellipse.cz\/wp-content\/uploads\/2022\/06\/2B5A9521-768x1070.jpg 768w, https:\/\/ellipse.cz\/wp-content\/uploads\/2022\/06\/2B5A9521-1102x1536.jpg 1102w, https:\/\/ellipse.cz\/wp-content\/uploads\/2022\/06\/2B5A9521-1470x2048.jpg 1470w, https:\/\/ellipse.cz\/wp-content\/uploads\/2022\/06\/2B5A9521-86x120.jpg 86w\" sizes=\"auto, (max-width: 1837px) 100vw, 1837px\" \/><\/figure>\n<\/figure>\n\n\n\n<figure class=\"wp-block-gallery has-nested-images columns-default is-cropped wp-block-gallery-3 is-layout-flex wp-block-gallery-is-layout-flex\">\n<figure class=\"wp-block-image size-large\"><img loading=\"lazy\" decoding=\"async\" width=\"1500\" height=\"900\" data-id=\"9958\" src=\"https:\/\/ellipse.cz\/wp-content\/uploads\/2022\/06\/900x1500_01.jpg\" alt=\"\" class=\"wp-image-9958\" srcset=\"https:\/\/ellipse.cz\/wp-content\/uploads\/2022\/06\/900x1500_01.jpg 1500w, https:\/\/ellipse.cz\/wp-content\/uploads\/2022\/06\/900x1500_01-300x180.jpg 300w, https:\/\/ellipse.cz\/wp-content\/uploads\/2022\/06\/900x1500_01-1024x614.jpg 1024w, https:\/\/ellipse.cz\/wp-content\/uploads\/2022\/06\/900x1500_01-768x461.jpg 768w, https:\/\/ellipse.cz\/wp-content\/uploads\/2022\/06\/900x1500_01-120x72.jpg 120w\" sizes=\"auto, (max-width: 1500px) 100vw, 1500px\" \/><\/figure>\n\n\n\n<figure class=\"wp-block-image size-large\"><img loading=\"lazy\" decoding=\"async\" width=\"1200\" height=\"794\" data-id=\"9956\" src=\"https:\/\/ellipse.cz\/wp-content\/uploads\/2022\/06\/2B5A9570_filtr03.jpg\" alt=\"\" class=\"wp-image-9956\" srcset=\"https:\/\/ellipse.cz\/wp-content\/uploads\/2022\/06\/2B5A9570_filtr03.jpg 1200w, https:\/\/ellipse.cz\/wp-content\/uploads\/2022\/06\/2B5A9570_filtr03-300x199.jpg 300w, https:\/\/ellipse.cz\/wp-content\/uploads\/2022\/06\/2B5A9570_filtr03-1024x678.jpg 1024w, https:\/\/ellipse.cz\/wp-content\/uploads\/2022\/06\/2B5A9570_filtr03-768x508.jpg 768w, https:\/\/ellipse.cz\/wp-content\/uploads\/2022\/06\/2B5A9570_filtr03-120x79.jpg 120w\" sizes=\"auto, (max-width: 1200px) 100vw, 1200px\" \/><\/figure>\n<\/figure>\n","protected":false},"excerpt":{"rendered":"<p>Valencio Hol\u010d\u00e1k je tr\u00e9ninkov\u00e1 st\u00e1j ve Velk\u00fdch Karlovic\u00edch s mnohaletou tradic\u00ed a \u0159adou v\u00fdznamn\u00fdch \u00fasp\u011bch\u016f.Profesion\u00e1ln\u00ed dostihovou st\u00e1j zalo\u017eil Franti\u0161ek Hol\u010d\u00e1k ji\u017e v roce 1985 a nyn\u00ed ji vede jeho syn, Radek Hol\u010d\u00e1k. Jm\u00e9no Hol\u010d\u00e1k je v tuzemsk\u00e9 historii dostih\u016f v\u00fdrazn\u00fdm pojmem. St\u00e1j Valencio Hol\u010d\u00e1k se py\u0161n\u00ed \u010desk\u00fdmi i mezin\u00e1rodn\u00edmi \u00fasp\u011bchy. Ellipse s Radkem Hol\u010d\u00e1kem spolupracuje<a class=\"excerpt-read-more\" href=\"https:\/\/ellipse.cz\/en\/v-dostihove-staji\/\" title=\"ReadV dostihov\u00e9 st\u00e1ji\">&#8230; Read more &raquo;<\/a><\/p>\n","protected":false},"author":4,"featured_media":9970,"comment_status":"closed","ping_status":"closed","sticky":false,"template":"","format":"standard","meta":{"_acf_changed":false,"footnotes":""},"categories":[1],"tags":[],"post_category":[361],"class_list":["post-9955","post","type-post","status-publish","format-standard","has-post-thumbnail","hentry","category-uncategorized-cs","post_category-case-study"],"acf":[],"yoast_head":"<!-- This site is optimized with the Yoast SEO plugin v27.5 - https:\/\/yoast.com\/product\/yoast-seo-wordpress\/ -->\n<title>V dostihov\u00e9 st\u00e1ji &#8212; Ellipse<\/title>\n<meta name=\"robots\" content=\"noindex, follow\" \/>\n<meta property=\"og:locale\" content=\"en_US\" \/>\n<meta property=\"og:type\" content=\"article\" \/>\n<meta property=\"og:title\" content=\"V dostihov\u00e9 st\u00e1ji &#8212; Ellipse\" \/>\n<meta property=\"og:description\" content=\"Valencio Hol\u010d\u00e1k je tr\u00e9ninkov\u00e1 st\u00e1j ve Velk\u00fdch Karlovic\u00edch s mnohaletou tradic\u00ed a \u0159adou v\u00fdznamn\u00fdch \u00fasp\u011bch\u016f.Profesion\u00e1ln\u00ed dostihovou st\u00e1j zalo\u017eil Franti\u0161ek Hol\u010d\u00e1k ji\u017e v roce 1985 a nyn\u00ed ji vede jeho syn, Radek Hol\u010d\u00e1k. Jm\u00e9no Hol\u010d\u00e1k je v tuzemsk\u00e9 historii dostih\u016f v\u00fdrazn\u00fdm pojmem. St\u00e1j Valencio Hol\u010d\u00e1k se py\u0161n\u00ed \u010desk\u00fdmi i mezin\u00e1rodn\u00edmi \u00fasp\u011bchy. Ellipse s Radkem Hol\u010d\u00e1kem spolupracuje... Read more &raquo;\" \/>\n<meta property=\"og:url\" content=\"https:\/\/ellipse.cz\/v-dostihove-staji\/\" \/>\n<meta property=\"og:site_name\" content=\"Ellipse\" \/>\n<meta property=\"article:publisher\" content=\"https:\/\/www.facebook.com\/ellipseCZ\/\" \/>\n<meta property=\"article:published_time\" content=\"2022-06-30T21:11:37+00:00\" \/>\n<meta property=\"article:modified_time\" content=\"2022-11-03T22:33:52+00:00\" \/>\n<meta property=\"og:image\" content=\"https:\/\/ellipse.cz\/wp-content\/uploads\/2022\/06\/900x1500_00.jpg\" \/>\n\t<meta property=\"og:image:width\" content=\"1500\" \/>\n\t<meta property=\"og:image:height\" content=\"900\" \/>\n\t<meta property=\"og:image:type\" content=\"image\/jpeg\" \/>\n<meta name=\"author\" content=\"ellipseadmin\" \/>\n<meta name=\"twitter:card\" content=\"summary_large_image\" \/>\n<meta name=\"twitter:label1\" content=\"Written by\" \/>\n\t<meta name=\"twitter:data1\" content=\"ellipseadmin\" \/>\n\t<meta name=\"twitter:label2\" content=\"Est. reading time\" \/>\n\t<meta name=\"twitter:data2\" content=\"3 minutes\" \/>\n<script type=\"application\/ld+json\" class=\"yoast-schema-graph\">{\"@context\":\"https:\\\/\\\/schema.org\",\"@graph\":[{\"@type\":\"Article\",\"@id\":\"https:\\\/\\\/ellipse.cz\\\/v-dostihove-staji\\\/#article\",\"isPartOf\":{\"@id\":\"https:\\\/\\\/ellipse.cz\\\/v-dostihove-staji\\\/\"},\"author\":{\"name\":\"ellipseadmin\",\"@id\":\"https:\\\/\\\/ellipse.cz\\\/#\\\/schema\\\/person\\\/ad7b7f98f82800945e3046974877a30c\"},\"headline\":\"V dostihov\u00e9 st\u00e1ji\",\"datePublished\":\"2022-06-30T21:11:37+00:00\",\"dateModified\":\"2022-11-03T22:33:52+00:00\",\"mainEntityOfPage\":{\"@id\":\"https:\\\/\\\/ellipse.cz\\\/v-dostihove-staji\\\/\"},\"wordCount\":273,\"publisher\":{\"@id\":\"https:\\\/\\\/ellipse.cz\\\/#organization\"},\"image\":{\"@id\":\"https:\\\/\\\/ellipse.cz\\\/v-dostihove-staji\\\/#primaryimage\"},\"thumbnailUrl\":\"https:\\\/\\\/ellipse.cz\\\/wp-content\\\/uploads\\\/2022\\\/06\\\/900x1500_00.jpg\",\"articleSection\":[\"Uncategorized @cs\"],\"inLanguage\":\"en-US\"},{\"@type\":\"WebPage\",\"@id\":\"https:\\\/\\\/ellipse.cz\\\/v-dostihove-staji\\\/\",\"url\":\"https:\\\/\\\/ellipse.cz\\\/v-dostihove-staji\\\/\",\"name\":\"V dostihov\u00e9 st\u00e1ji &#8212; Ellipse\",\"isPartOf\":{\"@id\":\"https:\\\/\\\/ellipse.cz\\\/#website\"},\"primaryImageOfPage\":{\"@id\":\"https:\\\/\\\/ellipse.cz\\\/v-dostihove-staji\\\/#primaryimage\"},\"image\":{\"@id\":\"https:\\\/\\\/ellipse.cz\\\/v-dostihove-staji\\\/#primaryimage\"},\"thumbnailUrl\":\"https:\\\/\\\/ellipse.cz\\\/wp-content\\\/uploads\\\/2022\\\/06\\\/900x1500_00.jpg\",\"datePublished\":\"2022-06-30T21:11:37+00:00\",\"dateModified\":\"2022-11-03T22:33:52+00:00\",\"inLanguage\":\"en-US\",\"potentialAction\":[{\"@type\":\"ReadAction\",\"target\":[\"https:\\\/\\\/ellipse.cz\\\/v-dostihove-staji\\\/\"]}]},{\"@type\":\"ImageObject\",\"inLanguage\":\"en-US\",\"@id\":\"https:\\\/\\\/ellipse.cz\\\/v-dostihove-staji\\\/#primaryimage\",\"url\":\"https:\\\/\\\/ellipse.cz\\\/wp-content\\\/uploads\\\/2022\\\/06\\\/900x1500_00.jpg\",\"contentUrl\":\"https:\\\/\\\/ellipse.cz\\\/wp-content\\\/uploads\\\/2022\\\/06\\\/900x1500_00.jpg\",\"width\":1500,\"height\":900},{\"@type\":\"WebSite\",\"@id\":\"https:\\\/\\\/ellipse.cz\\\/#website\",\"url\":\"https:\\\/\\\/ellipse.cz\\\/\",\"name\":\"Ellipse\",\"description\":\"Your Merch Designers.\",\"publisher\":{\"@id\":\"https:\\\/\\\/ellipse.cz\\\/#organization\"},\"potentialAction\":[{\"@type\":\"SearchAction\",\"target\":{\"@type\":\"EntryPoint\",\"urlTemplate\":\"https:\\\/\\\/ellipse.cz\\\/?s={search_term_string}\"},\"query-input\":{\"@type\":\"PropertyValueSpecification\",\"valueRequired\":true,\"valueName\":\"search_term_string\"}}],\"inLanguage\":\"en-US\"},{\"@type\":\"Organization\",\"@id\":\"https:\\\/\\\/ellipse.cz\\\/#organization\",\"name\":\"Ellipse\",\"url\":\"https:\\\/\\\/ellipse.cz\\\/\",\"logo\":{\"@type\":\"ImageObject\",\"inLanguage\":\"en-US\",\"@id\":\"https:\\\/\\\/ellipse.cz\\\/#\\\/schema\\\/logo\\\/image\\\/\",\"url\":\"https:\\\/\\\/ellipse.cz\\\/wp-content\\\/uploads\\\/2021\\\/03\\\/www-logo-bw-02.png\",\"contentUrl\":\"https:\\\/\\\/ellipse.cz\\\/wp-content\\\/uploads\\\/2021\\\/03\\\/www-logo-bw-02.png\",\"width\":1200,\"height\":500,\"caption\":\"Ellipse\"},\"image\":{\"@id\":\"https:\\\/\\\/ellipse.cz\\\/#\\\/schema\\\/logo\\\/image\\\/\"},\"sameAs\":[\"https:\\\/\\\/www.facebook.com\\\/ellipseCZ\\\/\",\"https:\\\/\\\/www.instagram.com\\\/ellipse_cz\\\/\"]},{\"@type\":\"Person\",\"@id\":\"https:\\\/\\\/ellipse.cz\\\/#\\\/schema\\\/person\\\/ad7b7f98f82800945e3046974877a30c\",\"name\":\"ellipseadmin\",\"image\":{\"@type\":\"ImageObject\",\"inLanguage\":\"en-US\",\"@id\":\"https:\\\/\\\/secure.gravatar.com\\\/avatar\\\/f9f3ee23106c221b57d1886d3a3e493d4b32b387ece04017d35ec68bae8d2c03?s=96&d=mm&r=g\",\"url\":\"https:\\\/\\\/secure.gravatar.com\\\/avatar\\\/f9f3ee23106c221b57d1886d3a3e493d4b32b387ece04017d35ec68bae8d2c03?s=96&d=mm&r=g\",\"contentUrl\":\"https:\\\/\\\/secure.gravatar.com\\\/avatar\\\/f9f3ee23106c221b57d1886d3a3e493d4b32b387ece04017d35ec68bae8d2c03?s=96&d=mm&r=g\",\"caption\":\"ellipseadmin\"}}]}<\/script>\n<!-- \/ Yoast SEO plugin. -->","yoast_head_json":{"title":"V dostihov\u00e9 st\u00e1ji &#8212; Ellipse","robots":{"index":"noindex","follow":"follow"},"og_locale":"en_US","og_type":"article","og_title":"V dostihov\u00e9 st\u00e1ji &#8212; Ellipse","og_description":"Valencio Hol\u010d\u00e1k je tr\u00e9ninkov\u00e1 st\u00e1j ve Velk\u00fdch Karlovic\u00edch s mnohaletou tradic\u00ed a \u0159adou v\u00fdznamn\u00fdch \u00fasp\u011bch\u016f.Profesion\u00e1ln\u00ed dostihovou st\u00e1j zalo\u017eil Franti\u0161ek Hol\u010d\u00e1k ji\u017e v roce 1985 a nyn\u00ed ji vede jeho syn, Radek Hol\u010d\u00e1k. Jm\u00e9no Hol\u010d\u00e1k je v tuzemsk\u00e9 historii dostih\u016f v\u00fdrazn\u00fdm pojmem. St\u00e1j Valencio Hol\u010d\u00e1k se py\u0161n\u00ed \u010desk\u00fdmi i mezin\u00e1rodn\u00edmi \u00fasp\u011bchy. Ellipse s Radkem Hol\u010d\u00e1kem spolupracuje... Read more &raquo;","og_url":"https:\/\/ellipse.cz\/v-dostihove-staji\/","og_site_name":"Ellipse","article_publisher":"https:\/\/www.facebook.com\/ellipseCZ\/","article_published_time":"2022-06-30T21:11:37+00:00","article_modified_time":"2022-11-03T22:33:52+00:00","og_image":[{"width":1500,"height":900,"url":"https:\/\/ellipse.cz\/wp-content\/uploads\/2022\/06\/900x1500_00.jpg","type":"image\/jpeg"}],"author":"ellipseadmin","twitter_card":"summary_large_image","twitter_misc":{"Written by":"ellipseadmin","Est. reading time":"3 minutes"},"schema":{"@context":"https:\/\/schema.org","@graph":[{"@type":"Article","@id":"https:\/\/ellipse.cz\/v-dostihove-staji\/#article","isPartOf":{"@id":"https:\/\/ellipse.cz\/v-dostihove-staji\/"},"author":{"name":"ellipseadmin","@id":"https:\/\/ellipse.cz\/#\/schema\/person\/ad7b7f98f82800945e3046974877a30c"},"headline":"V dostihov\u00e9 st\u00e1ji","datePublished":"2022-06-30T21:11:37+00:00","dateModified":"2022-11-03T22:33:52+00:00","mainEntityOfPage":{"@id":"https:\/\/ellipse.cz\/v-dostihove-staji\/"},"wordCount":273,"publisher":{"@id":"https:\/\/ellipse.cz\/#organization"},"image":{"@id":"https:\/\/ellipse.cz\/v-dostihove-staji\/#primaryimage"},"thumbnailUrl":"https:\/\/ellipse.cz\/wp-content\/uploads\/2022\/06\/900x1500_00.jpg","articleSection":["Uncategorized @cs"],"inLanguage":"en-US"},{"@type":"WebPage","@id":"https:\/\/ellipse.cz\/v-dostihove-staji\/","url":"https:\/\/ellipse.cz\/v-dostihove-staji\/","name":"V dostihov\u00e9 st\u00e1ji &#8212; Ellipse","isPartOf":{"@id":"https:\/\/ellipse.cz\/#website"},"primaryImageOfPage":{"@id":"https:\/\/ellipse.cz\/v-dostihove-staji\/#primaryimage"},"image":{"@id":"https:\/\/ellipse.cz\/v-dostihove-staji\/#primaryimage"},"thumbnailUrl":"https:\/\/ellipse.cz\/wp-content\/uploads\/2022\/06\/900x1500_00.jpg","datePublished":"2022-06-30T21:11:37+00:00","dateModified":"2022-11-03T22:33:52+00:00","inLanguage":"en-US","potentialAction":[{"@type":"ReadAction","target":["https:\/\/ellipse.cz\/v-dostihove-staji\/"]}]},{"@type":"ImageObject","inLanguage":"en-US","@id":"https:\/\/ellipse.cz\/v-dostihove-staji\/#primaryimage","url":"https:\/\/ellipse.cz\/wp-content\/uploads\/2022\/06\/900x1500_00.jpg","contentUrl":"https:\/\/ellipse.cz\/wp-content\/uploads\/2022\/06\/900x1500_00.jpg","width":1500,"height":900},{"@type":"WebSite","@id":"https:\/\/ellipse.cz\/#website","url":"https:\/\/ellipse.cz\/","name":"Ellipse","description":"Your Merch Designers.","publisher":{"@id":"https:\/\/ellipse.cz\/#organization"},"potentialAction":[{"@type":"SearchAction","target":{"@type":"EntryPoint","urlTemplate":"https:\/\/ellipse.cz\/?s={search_term_string}"},"query-input":{"@type":"PropertyValueSpecification","valueRequired":true,"valueName":"search_term_string"}}],"inLanguage":"en-US"},{"@type":"Organization","@id":"https:\/\/ellipse.cz\/#organization","name":"Ellipse","url":"https:\/\/ellipse.cz\/","logo":{"@type":"ImageObject","inLanguage":"en-US","@id":"https:\/\/ellipse.cz\/#\/schema\/logo\/image\/","url":"https:\/\/ellipse.cz\/wp-content\/uploads\/2021\/03\/www-logo-bw-02.png","contentUrl":"https:\/\/ellipse.cz\/wp-content\/uploads\/2021\/03\/www-logo-bw-02.png","width":1200,"height":500,"caption":"Ellipse"},"image":{"@id":"https:\/\/ellipse.cz\/#\/schema\/logo\/image\/"},"sameAs":["https:\/\/www.facebook.com\/ellipseCZ\/","https:\/\/www.instagram.com\/ellipse_cz\/"]},{"@type":"Person","@id":"https:\/\/ellipse.cz\/#\/schema\/person\/ad7b7f98f82800945e3046974877a30c","name":"ellipseadmin","image":{"@type":"ImageObject","inLanguage":"en-US","@id":"https:\/\/secure.gravatar.com\/avatar\/f9f3ee23106c221b57d1886d3a3e493d4b32b387ece04017d35ec68bae8d2c03?s=96&d=mm&r=g","url":"https:\/\/secure.gravatar.com\/avatar\/f9f3ee23106c221b57d1886d3a3e493d4b32b387ece04017d35ec68bae8d2c03?s=96&d=mm&r=g","contentUrl":"https:\/\/secure.gravatar.com\/avatar\/f9f3ee23106c221b57d1886d3a3e493d4b32b387ece04017d35ec68bae8d2c03?s=96&d=mm&r=g","caption":"ellipseadmin"}}]}},"_links":{"self":[{"href":"https:\/\/ellipse.cz\/en\/wp-json\/wp\/v2\/posts\/9955","targetHints":{"allow":["GET"]}}],"collection":[{"href":"https:\/\/ellipse.cz\/en\/wp-json\/wp\/v2\/posts"}],"about":[{"href":"https:\/\/ellipse.cz\/en\/wp-json\/wp\/v2\/types\/post"}],"author":[{"embeddable":true,"href":"https:\/\/ellipse.cz\/en\/wp-json\/wp\/v2\/users\/4"}],"replies":[{"embeddable":true,"href":"https:\/\/ellipse.cz\/en\/wp-json\/wp\/v2\/comments?post=9955"}],"version-history":[{"count":0,"href":"https:\/\/ellipse.cz\/en\/wp-json\/wp\/v2\/posts\/9955\/revisions"}],"wp:featuredmedia":[{"embeddable":true,"href":"https:\/\/ellipse.cz\/en\/wp-json\/wp\/v2\/media\/9970"}],"wp:attachment":[{"href":"https:\/\/ellipse.cz\/en\/wp-json\/wp\/v2\/media?parent=9955"}],"wp:term":[{"taxonomy":"category","embeddable":true,"href":"https:\/\/ellipse.cz\/en\/wp-json\/wp\/v2\/categories?post=9955"},{"taxonomy":"post_tag","embeddable":true,"href":"https:\/\/ellipse.cz\/en\/wp-json\/wp\/v2\/tags?post=9955"},{"taxonomy":"post_category","embeddable":true,"href":"https:\/\/ellipse.cz\/en\/wp-json\/wp\/v2\/post_category?post=9955"}],"curies":[{"name":"wp","href":"https:\/\/api.w.org\/{rel}","templated":true}]}}